{"id":4576,"date":"2025-10-16T10:27:21","date_gmt":"2025-10-16T08:27:21","guid":{"rendered":"https:\/\/www.hotelborjdhiafa.com\/?p=4576"},"modified":"2025-10-16T11:03:24","modified_gmt":"2025-10-16T09:03:24","slug":"un-jour-memorable-le-15-octobre-fete-de-levacuation-a-sfax-hotel-borj-dhiafa","status":"publish","type":"post","link":"https:\/\/www.hotelborjdhiafa.com\/fr\/un-jour-memorable-le-15-octobre-fete-de-levacuation-a-sfax-hotel-borj-dhiafa\/","title":{"rendered":"Un Jour M\u00e9morable : Le 15 Octobre, F\u00eate de l\u2019\u00c9vacuation \u00e0 Sfax | H\u00f4tel Borj Dhiafa:"},"content":{"rendered":"<h2 data-start=\"304\" data-end=\"392\"><strong data-start=\"306\" data-end=\"392\">Un Jour M\u00e9morable : Le 15 Octobre, F\u00eate de l\u2019\u00c9vacuation \u00e0 Sfax | H\u00f4tel Borj Dhiafa:<\/strong><\/h2>\n<h3 data-start=\"394\" data-end=\"459\"><span style=\"color: #a30303;\"><strong data-start=\"398\" data-end=\"459\">Le 15 Octobre : Une Date Grav\u00e9e dans le C\u0153ur de la Nation:<\/strong><\/span><\/h3>\n<h5 data-start=\"461\" data-end=\"786\">Le 15 octobre, la Tunisie c\u00e9l\u00e8bre la <strong data-start=\"498\" data-end=\"522\">F\u00eate de l\u2019\u00c9vacuation<\/strong>, un symbole fort d\u2019unit\u00e9, de libert\u00e9 et de souverainet\u00e9 retrouv\u00e9e.<br data-start=\"589\" data-end=\"592\" \/>\u00c0 <strong data-start=\"594\" data-end=\"602\">Sfax<\/strong>, au c\u0153ur du prestigieux <strong data-start=\"627\" data-end=\"648\">H\u00f4tel Borj Dhiafa<\/strong>, nous rendons hommage \u00e0 cette journ\u00e9e historique qui a marqu\u00e9 la fin d\u2019une longue lutte et l\u2019aube d\u2019une nation pleinement ind\u00e9pendante.<\/h5>\n<h3 data-start=\"793\" data-end=\"853\"><span style=\"color: #a30303;\"><strong data-start=\"797\" data-end=\"853\">La Signification Profonde de la F\u00eate de l\u2019\u00c9vacuation:<\/strong><\/span><\/h3>\n<h5 data-start=\"855\" data-end=\"1253\">L\u2019ind\u00e9pendance de la Tunisie a \u00e9t\u00e9 proclam\u00e9e en 1956, mais la v\u00e9ritable concr\u00e9tisation de la souverainet\u00e9 nationale s\u2019est achev\u00e9e le <strong data-start=\"988\" data-end=\"1007\">15 octobre 1963<\/strong>, avec le d\u00e9part des derni\u00e8res troupes \u00e9trang\u00e8res de la base de Bizerte.<br data-start=\"1079\" data-end=\"1082\" \/>Ce moment symbolise bien plus qu\u2019une victoire militaire : il incarne l\u2019esprit d\u2019un peuple uni, la fiert\u00e9 d\u2019une nation libre et la naissance d\u2019un avenir \u00e0 b\u00e2tir ensemble.<\/h5>\n<h5 data-start=\"1255\" data-end=\"1314\">Ce jour-l\u00e0, la Tunisie a scell\u00e9 trois h\u00e9ritages majeurs :<\/h5>\n<ul data-start=\"1316\" data-end=\"1591\">\n<li data-start=\"1316\" data-end=\"1411\">\n<h5 data-start=\"1318\" data-end=\"1411\"><strong data-start=\"1318\" data-end=\"1353\">L\u2019Ach\u00e8vement de la Souverainet\u00e9<\/strong> : l\u2019affirmation d\u2019un contr\u00f4le total sur son territoire.<\/h5>\n<\/li>\n<li data-start=\"1412\" data-end=\"1500\">\n<h5 data-start=\"1414\" data-end=\"1500\"><strong data-start=\"1414\" data-end=\"1445\">L\u2019H\u00e9ritage de la R\u00e9sistance<\/strong> : un hommage aux martyrs et aux h\u00e9ros de la libert\u00e9.<\/h5>\n<\/li>\n<li data-start=\"1501\" data-end=\"1591\">\n<h5 data-start=\"1503\" data-end=\"1591\"><strong data-start=\"1503\" data-end=\"1534\">Le D\u00e9but d\u2019une Nouvelle \u00c8re<\/strong> : celle d\u2019une Tunisie moderne, autonome et ambitieuse.<\/h5>\n<\/li>\n<\/ul>\n<h3 data-start=\"1598\" data-end=\"1642\"><span style=\"color: #a30303;\"><strong data-start=\"1602\" data-end=\"1642\">Sfax et l\u2019Esprit de Fiert\u00e9 Nationale:<\/strong><\/span><\/h3>\n<h5 data-start=\"1644\" data-end=\"1912\">Sfax, ville au riche pass\u00e9 et v\u00e9ritable pilier \u00e9conomique du Sud tunisien, a toujours incarn\u00e9 la <strong data-start=\"1741\" data-end=\"1780\">force, la dignit\u00e9 et le patriotisme<\/strong>. Ses remparts mill\u00e9naires et ses traditions ancestrales t\u00e9moignent d\u2019un h\u00e9ritage profond\u00e9ment enracin\u00e9 dans l\u2019histoire nationale.<\/h5>\n<h5 data-start=\"1914\" data-end=\"2270\">\u00c0 <strong data-start=\"1916\" data-end=\"1939\">l\u2019H\u00f4tel Borj Dhiafa<\/strong>, <strong data-start=\"1941\" data-end=\"1977\">h\u00f4tel de charme 5 \u00e9toiles \u00e0 Sfax<\/strong>, nous nous effor\u00e7ons de perp\u00e9tuer cet esprit \u00e0 travers notre hospitalit\u00e9 tunisienne et nos valeurs d\u2019excellence.<br data-start=\"2090\" data-end=\"2093\" \/>S\u00e9journer chez nous, c\u2019est d\u00e9couvrir un lieu o\u00f9 <strong data-start=\"2141\" data-end=\"2182\">le patrimoine et le luxe contemporain<\/strong> se rencontrent harmonieusement, offrant une exp\u00e9rience authentique \u00e0 chaque visiteur.<\/h5>\n<h3 data-start=\"2277\" data-end=\"2323\"><span style=\"color: #a30303;\"><strong data-start=\"2281\" data-end=\"2323\">C\u00e9l\u00e9brer l\u2019H\u00e9ritage, Regarder l\u2019Avenir:<\/strong><\/span><\/h3>\n<h5 data-start=\"2325\" data-end=\"2559\">Aujourd\u2019hui, la flamme du patriotisme brille toujours dans le c\u0153ur des Tunisiens.<br data-start=\"2406\" data-end=\"2409\" \/>\u00c0 travers chaque sourire, chaque r\u00e9ussite et chaque c\u00e9l\u00e9bration, elle rappelle notre fiert\u00e9 d\u2019appartenir \u00e0 une terre riche de courage et de culture.<\/h5>\n<h5 data-start=\"2561\" data-end=\"2748\">Chez <strong data-start=\"2566\" data-end=\"2600\">H\u00f4tel Borj Dhiafa Sfax Tunisie<\/strong>, nous c\u00e9l\u00e9brons cette passion au quotidien \u2014 en offrant un service d\u2019exception et un cadre inspir\u00e9 par <strong data-start=\"2704\" data-end=\"2745\">l\u2019\u00e9l\u00e9gance et le raffinement tunisien<\/strong>.<\/h5>\n<h4 data-start=\"2945\" data-end=\"2993\"><strong data-start=\"2954\" data-end=\"2993\">Bonne F\u00eate de l\u2019\u00c9vacuation \u00e0 tous !<\/strong><\/h4>\n<h3 data-start=\"133\" data-end=\"170\">\ud83c\udf10 <strong data-start=\"140\" data-end=\"170\">Restez Connect\u00e9s avec Nous<\/strong><\/h3>\n<h5 data-start=\"172\" data-end=\"269\">Restez connect\u00e9s et d\u00e9couvrez davantage notre univers d\u2019\u00e9l\u00e9gance, de culture et d\u2019hospitalit\u00e9 :<\/h5>\n<ul data-start=\"270\" data-end=\"444\">\n<li data-start=\"270\" data-end=\"311\">\n<h5 data-start=\"272\" data-end=\"311\"><strong data-start=\"272\" data-end=\"286\">Facebook :<\/strong> Hotel Borj Dhiafa Sfax<\/h5>\n<\/li>\n<li data-start=\"312\" data-end=\"348\">\n<h5 data-start=\"314\" data-end=\"348\"><strong data-start=\"314\" data-end=\"329\">Instagram :<\/strong> @hotelborjdhiafa<\/h5>\n<\/li>\n<li data-start=\"349\" data-end=\"390\">\n<h5 data-start=\"351\" data-end=\"390\"><strong data-start=\"351\" data-end=\"365\">LinkedIn :<\/strong> Hotel Borj Dhiafa Sfax<\/h5>\n<\/li>\n<li data-start=\"391\" data-end=\"444\">\n<h5 data-start=\"393\" data-end=\"444\"><strong data-start=\"393\" data-end=\"406\">YouTube :<\/strong> Cha\u00eene officielle Hotel Borj Dhiafa<\/h5>\n<\/li>\n<\/ul>\n<p>&nbsp;<\/p>\n","protected":false},"excerpt":{"rendered":"<p>Un Jour M\u00e9morable : Le 15 Octobre, F\u00eate de l\u2019\u00c9vacuation \u00e0 Sfax | H\u00f4tel Borj Dhiafa: Le 15 Octobre :&#8230;<\/p>\n","protected":false},"author":3,"featured_media":4573,"comment_status":"closed","ping_status":"closed","sticky":false,"template":"","format":"standard","meta":{"footnotes":""},"categories":[],"tags":[327,306,310,316,325,314,308,305,312,326,309,324,303,300,298,320,307,299,328,315,323,319,311,301,322,313,321,302,318,304,317,217,249,216,223],"class_list":{"0":"post-4576","1":"post","2":"type-post","3":"status-publish","4":"format-standard","5":"has-post-thumbnail","7":"tag-15octobretunisie","8":"tag-conferencessfax","9":"tag-cuisinelocale","10":"tag-culturetunisienne-3","11":"tag-evacuationdaytunisie","12":"tag-evenementieltunisie","13":"tag-evenementscorporatifs","14":"tag-evenementsprofessionnels","15":"tag-experiencedeluxe","16":"tag-fetedelevacuation","17":"tag-gastronomietunisienne","18":"tag-hospitalite5etoiles","19":"tag-hospitalitetunisienne","20":"tag-hotel5etoiles","21":"tag-hotelborjdhiafa-2","22":"tag-hotelboutiquetunisie","23":"tag-hoteldeconference","24":"tag-hoteldeluxe","25":"tag-independancetunisie","26":"tag-luxeetraffinement","27":"tag-luxetunisien","28":"tag-patrimoinetunisien","29":"tag-salledescongres","30":"tag-sejourasfax","31":"tag-sejourdereve","32":"tag-sfaxbusiness","33":"tag-tourismecultural","34":"tag-tourismetunisie","35":"tag-vacancesdereve","36":"tag-vacancestunisie","37":"tag-voyageentunisie","38":"tag-borjdhiafasfax","39":"tag-destinationsfax","40":"tag-hotelsfax","41":"tag-tourismesfax"},"yoast_head":"<!-- This site is optimized with the Yoast SEO plugin v23.1 - https:\/\/yoast.com\/wordpress\/plugins\/seo\/ -->\n<title>Un Jour M\u00e9morable : Le 15 Octobre, F\u00eate de l\u2019\u00c9vacuation \u00e0 Sfax | H\u00f4tel Borj Dhiafa: | H\u00f4tel Borj Dhiafa<\/title>\n<meta name=\"description\" content=\"Un Jour M\u00e9morable : Le 15 Octobre, F\u00eate de l\u2019\u00c9vacuation \u00e0 Sfax | H\u00f4tel Borj Dhiafa: Le 15 Octobre : Une Date Grav\u00e9e dans le C\u0153ur de la Nation: Le 15\" \/>\n<meta name=\"robots\" content=\"index, follow, max-snippet:-1, max-image-preview:large, max-video-preview:-1\" \/>\n<link rel=\"canonical\" href=\"https:\/\/www.hotelborjdhiafa.com\/fr\/un-jour-memorable-le-15-octobre-fete-de-levacuation-a-sfax-hotel-borj-dhiafa\/\" \/>\n<meta property=\"og:locale\" content=\"fr_FR\" \/>\n<meta property=\"og:type\" content=\"article\" \/>\n<meta property=\"og:title\" content=\"Un Jour M\u00e9morable : Le 15 Octobre, F\u00eate de l\u2019\u00c9vacuation \u00e0 Sfax | H\u00f4tel Borj Dhiafa: | H\u00f4tel Borj Dhiafa\" \/>\n<meta property=\"og:description\" content=\"Un Jour M\u00e9morable : Le 15 Octobre, F\u00eate de l\u2019\u00c9vacuation \u00e0 Sfax | H\u00f4tel Borj Dhiafa: Le 15 Octobre : Une Date Grav\u00e9e dans le C\u0153ur de la Nation: Le 15\" \/>\n<meta property=\"og:url\" content=\"https:\/\/www.hotelborjdhiafa.com\/fr\/un-jour-memorable-le-15-octobre-fete-de-levacuation-a-sfax-hotel-borj-dhiafa\/\" \/>\n<meta property=\"og:site_name\" content=\"H\u00f4tel Borj Dhiafa\" \/>\n<meta property=\"article:published_time\" content=\"2025-10-16T08:27:21+00:00\" \/>\n<meta property=\"article:modified_time\" content=\"2025-10-16T09:03:24+00:00\" \/>\n<meta property=\"og:image\" content=\"https:\/\/www.hotelborjdhiafa.com\/wp-content\/uploads\/2025\/10\/\u0639\u064a\u062f-\u0627\u0644\u062c\u0644\u0627\u0621-1.png\" \/>\n\t<meta property=\"og:image:width\" content=\"1080\" \/>\n\t<meta property=\"og:image:height\" content=\"1080\" \/>\n\t<meta property=\"og:image:type\" content=\"image\/png\" \/>\n<meta name=\"author\" content=\"webmaster\" \/>\n<meta name=\"twitter:card\" content=\"summary_large_image\" \/>\n<meta name=\"twitter:label1\" content=\"\u00c9crit par\" \/>\n\t<meta name=\"twitter:data1\" content=\"webmaster\" \/>\n\t<meta name=\"twitter:label2\" content=\"Dur\u00e9e de lecture estim\u00e9e\" \/>\n\t<meta name=\"twitter:data2\" content=\"2 minutes\" \/>\n<script type=\"application\/ld+json\" class=\"yoast-schema-graph\">{\"@context\":\"https:\/\/schema.org\",\"@graph\":[{\"@type\":\"WebPage\",\"@id\":\"https:\/\/www.hotelborjdhiafa.com\/fr\/un-jour-memorable-le-15-octobre-fete-de-levacuation-a-sfax-hotel-borj-dhiafa\/\",\"url\":\"https:\/\/www.hotelborjdhiafa.com\/fr\/un-jour-memorable-le-15-octobre-fete-de-levacuation-a-sfax-hotel-borj-dhiafa\/\",\"name\":\"Un Jour M\u00e9morable : Le 15 Octobre, F\u00eate de l\u2019\u00c9vacuation \u00e0 Sfax | H\u00f4tel Borj Dhiafa: | H\u00f4tel Borj Dhiafa\",\"isPartOf\":{\"@id\":\"https:\/\/www.hotelborjdhiafa.com\/#website\"},\"primaryImageOfPage\":{\"@id\":\"https:\/\/www.hotelborjdhiafa.com\/fr\/un-jour-memorable-le-15-octobre-fete-de-levacuation-a-sfax-hotel-borj-dhiafa\/#primaryimage\"},\"image\":{\"@id\":\"https:\/\/www.hotelborjdhiafa.com\/fr\/un-jour-memorable-le-15-octobre-fete-de-levacuation-a-sfax-hotel-borj-dhiafa\/#primaryimage\"},\"thumbnailUrl\":\"https:\/\/www.hotelborjdhiafa.com\/wp-content\/uploads\/2025\/10\/\u0639\u064a\u062f-\u0627\u0644\u062c\u0644\u0627\u0621-1.png\",\"datePublished\":\"2025-10-16T08:27:21+00:00\",\"dateModified\":\"2025-10-16T09:03:24+00:00\",\"author\":{\"@id\":\"https:\/\/www.hotelborjdhiafa.com\/#\/schema\/person\/1e16ce7ac367d5947651d27bc647d3f8\"},\"description\":\"Un Jour M\u00e9morable : Le 15 Octobre, F\u00eate de l\u2019\u00c9vacuation \u00e0 Sfax | H\u00f4tel Borj Dhiafa: Le 15 Octobre : Une Date Grav\u00e9e dans le C\u0153ur de la Nation: Le 15\",\"breadcrumb\":{\"@id\":\"https:\/\/www.hotelborjdhiafa.com\/fr\/un-jour-memorable-le-15-octobre-fete-de-levacuation-a-sfax-hotel-borj-dhiafa\/#breadcrumb\"},\"inLanguage\":\"fr-FR\",\"potentialAction\":[{\"@type\":\"ReadAction\",\"target\":[\"https:\/\/www.hotelborjdhiafa.com\/fr\/un-jour-memorable-le-15-octobre-fete-de-levacuation-a-sfax-hotel-borj-dhiafa\/\"]}]},{\"@type\":\"ImageObject\",\"inLanguage\":\"fr-FR\",\"@id\":\"https:\/\/www.hotelborjdhiafa.com\/fr\/un-jour-memorable-le-15-octobre-fete-de-levacuation-a-sfax-hotel-borj-dhiafa\/#primaryimage\",\"url\":\"https:\/\/www.hotelborjdhiafa.com\/wp-content\/uploads\/2025\/10\/\u0639\u064a\u062f-\u0627\u0644\u062c\u0644\u0627\u0621-1.png\",\"contentUrl\":\"https:\/\/www.hotelborjdhiafa.com\/wp-content\/uploads\/2025\/10\/\u0639\u064a\u062f-\u0627\u0644\u062c\u0644\u0627\u0621-1.png\",\"width\":1080,\"height\":1080},{\"@type\":\"BreadcrumbList\",\"@id\":\"https:\/\/www.hotelborjdhiafa.com\/fr\/un-jour-memorable-le-15-octobre-fete-de-levacuation-a-sfax-hotel-borj-dhiafa\/#breadcrumb\",\"itemListElement\":[{\"@type\":\"ListItem\",\"position\":1,\"name\":\"Home\",\"item\":\"https:\/\/www.hotelborjdhiafa.com\/fr\/\"},{\"@type\":\"ListItem\",\"position\":2,\"name\":\"Un Jour M\u00e9morable : Le 15 Octobre, F\u00eate de l\u2019\u00c9vacuation \u00e0 Sfax | H\u00f4tel Borj Dhiafa:\"}]},{\"@type\":\"WebSite\",\"@id\":\"https:\/\/www.hotelborjdhiafa.com\/#website\",\"url\":\"https:\/\/www.hotelborjdhiafa.com\/\",\"name\":\"H\u00f4tel Borj Dhiafa\",\"description\":\"H\u00f4tel de charme\",\"potentialAction\":[{\"@type\":\"SearchAction\",\"target\":{\"@type\":\"EntryPoint\",\"urlTemplate\":\"https:\/\/www.hotelborjdhiafa.com\/?s={search_term_string}\"},\"query-input\":\"required name=search_term_string\"}],\"inLanguage\":\"fr-FR\"},{\"@type\":\"Person\",\"@id\":\"https:\/\/www.hotelborjdhiafa.com\/#\/schema\/person\/1e16ce7ac367d5947651d27bc647d3f8\",\"name\":\"webmaster\",\"image\":{\"@type\":\"ImageObject\",\"inLanguage\":\"fr-FR\",\"@id\":\"https:\/\/www.hotelborjdhiafa.com\/#\/schema\/person\/image\/\",\"url\":\"https:\/\/secure.gravatar.com\/avatar\/3aefba54fe26fdeacb044fc37e5b0c2458d8801c8426a00d29722f193cb4f620?s=96&d=mm&r=g\",\"contentUrl\":\"https:\/\/secure.gravatar.com\/avatar\/3aefba54fe26fdeacb044fc37e5b0c2458d8801c8426a00d29722f193cb4f620?s=96&d=mm&r=g\",\"caption\":\"webmaster\"},\"url\":\"https:\/\/www.hotelborjdhiafa.com\/fr\/author\/webmaster\/\"}]}<\/script>\n<!-- \/ Yoast SEO plugin. -->","yoast_head_json":{"title":"Un Jour M\u00e9morable : Le 15 Octobre, F\u00eate de l\u2019\u00c9vacuation \u00e0 Sfax | H\u00f4tel Borj Dhiafa: | H\u00f4tel Borj Dhiafa","description":"Un Jour M\u00e9morable : Le 15 Octobre, F\u00eate de l\u2019\u00c9vacuation \u00e0 Sfax | H\u00f4tel Borj Dhiafa: Le 15 Octobre : Une Date Grav\u00e9e dans le C\u0153ur de la Nation: Le 15","robots":{"index":"index","follow":"follow","max-snippet":"max-snippet:-1","max-image-preview":"max-image-preview:large","max-video-preview":"max-video-preview:-1"},"canonical":"https:\/\/www.hotelborjdhiafa.com\/fr\/un-jour-memorable-le-15-octobre-fete-de-levacuation-a-sfax-hotel-borj-dhiafa\/","og_locale":"fr_FR","og_type":"article","og_title":"Un Jour M\u00e9morable : Le 15 Octobre, F\u00eate de l\u2019\u00c9vacuation \u00e0 Sfax | H\u00f4tel Borj Dhiafa: | H\u00f4tel Borj Dhiafa","og_description":"Un Jour M\u00e9morable : Le 15 Octobre, F\u00eate de l\u2019\u00c9vacuation \u00e0 Sfax | H\u00f4tel Borj Dhiafa: Le 15 Octobre : Une Date Grav\u00e9e dans le C\u0153ur de la Nation: Le 15","og_url":"https:\/\/www.hotelborjdhiafa.com\/fr\/un-jour-memorable-le-15-octobre-fete-de-levacuation-a-sfax-hotel-borj-dhiafa\/","og_site_name":"H\u00f4tel Borj Dhiafa","article_published_time":"2025-10-16T08:27:21+00:00","article_modified_time":"2025-10-16T09:03:24+00:00","og_image":[{"width":1080,"height":1080,"url":"https:\/\/www.hotelborjdhiafa.com\/wp-content\/uploads\/2025\/10\/\u0639\u064a\u062f-\u0627\u0644\u062c\u0644\u0627\u0621-1.png","type":"image\/png"}],"author":"webmaster","twitter_card":"summary_large_image","twitter_misc":{"\u00c9crit par":"webmaster","Dur\u00e9e de lecture estim\u00e9e":"2 minutes"},"schema":{"@context":"https:\/\/schema.org","@graph":[{"@type":"WebPage","@id":"https:\/\/www.hotelborjdhiafa.com\/fr\/un-jour-memorable-le-15-octobre-fete-de-levacuation-a-sfax-hotel-borj-dhiafa\/","url":"https:\/\/www.hotelborjdhiafa.com\/fr\/un-jour-memorable-le-15-octobre-fete-de-levacuation-a-sfax-hotel-borj-dhiafa\/","name":"Un Jour M\u00e9morable : Le 15 Octobre, F\u00eate de l\u2019\u00c9vacuation \u00e0 Sfax | H\u00f4tel Borj Dhiafa: | H\u00f4tel Borj Dhiafa","isPartOf":{"@id":"https:\/\/www.hotelborjdhiafa.com\/#website"},"primaryImageOfPage":{"@id":"https:\/\/www.hotelborjdhiafa.com\/fr\/un-jour-memorable-le-15-octobre-fete-de-levacuation-a-sfax-hotel-borj-dhiafa\/#primaryimage"},"image":{"@id":"https:\/\/www.hotelborjdhiafa.com\/fr\/un-jour-memorable-le-15-octobre-fete-de-levacuation-a-sfax-hotel-borj-dhiafa\/#primaryimage"},"thumbnailUrl":"https:\/\/www.hotelborjdhiafa.com\/wp-content\/uploads\/2025\/10\/\u0639\u064a\u062f-\u0627\u0644\u062c\u0644\u0627\u0621-1.png","datePublished":"2025-10-16T08:27:21+00:00","dateModified":"2025-10-16T09:03:24+00:00","author":{"@id":"https:\/\/www.hotelborjdhiafa.com\/#\/schema\/person\/1e16ce7ac367d5947651d27bc647d3f8"},"description":"Un Jour M\u00e9morable : Le 15 Octobre, F\u00eate de l\u2019\u00c9vacuation \u00e0 Sfax | H\u00f4tel Borj Dhiafa: Le 15 Octobre : Une Date Grav\u00e9e dans le C\u0153ur de la Nation: Le 15","breadcrumb":{"@id":"https:\/\/www.hotelborjdhiafa.com\/fr\/un-jour-memorable-le-15-octobre-fete-de-levacuation-a-sfax-hotel-borj-dhiafa\/#breadcrumb"},"inLanguage":"fr-FR","potentialAction":[{"@type":"ReadAction","target":["https:\/\/www.hotelborjdhiafa.com\/fr\/un-jour-memorable-le-15-octobre-fete-de-levacuation-a-sfax-hotel-borj-dhiafa\/"]}]},{"@type":"ImageObject","inLanguage":"fr-FR","@id":"https:\/\/www.hotelborjdhiafa.com\/fr\/un-jour-memorable-le-15-octobre-fete-de-levacuation-a-sfax-hotel-borj-dhiafa\/#primaryimage","url":"https:\/\/www.hotelborjdhiafa.com\/wp-content\/uploads\/2025\/10\/\u0639\u064a\u062f-\u0627\u0644\u062c\u0644\u0627\u0621-1.png","contentUrl":"https:\/\/www.hotelborjdhiafa.com\/wp-content\/uploads\/2025\/10\/\u0639\u064a\u062f-\u0627\u0644\u062c\u0644\u0627\u0621-1.png","width":1080,"height":1080},{"@type":"BreadcrumbList","@id":"https:\/\/www.hotelborjdhiafa.com\/fr\/un-jour-memorable-le-15-octobre-fete-de-levacuation-a-sfax-hotel-borj-dhiafa\/#breadcrumb","itemListElement":[{"@type":"ListItem","position":1,"name":"Home","item":"https:\/\/www.hotelborjdhiafa.com\/fr\/"},{"@type":"ListItem","position":2,"name":"Un Jour M\u00e9morable : Le 15 Octobre, F\u00eate de l\u2019\u00c9vacuation \u00e0 Sfax | H\u00f4tel Borj Dhiafa:"}]},{"@type":"WebSite","@id":"https:\/\/www.hotelborjdhiafa.com\/#website","url":"https:\/\/www.hotelborjdhiafa.com\/","name":"H\u00f4tel Borj Dhiafa","description":"H\u00f4tel de charme","potentialAction":[{"@type":"SearchAction","target":{"@type":"EntryPoint","urlTemplate":"https:\/\/www.hotelborjdhiafa.com\/?s={search_term_string}"},"query-input":"required name=search_term_string"}],"inLanguage":"fr-FR"},{"@type":"Person","@id":"https:\/\/www.hotelborjdhiafa.com\/#\/schema\/person\/1e16ce7ac367d5947651d27bc647d3f8","name":"webmaster","image":{"@type":"ImageObject","inLanguage":"fr-FR","@id":"https:\/\/www.hotelborjdhiafa.com\/#\/schema\/person\/image\/","url":"https:\/\/secure.gravatar.com\/avatar\/3aefba54fe26fdeacb044fc37e5b0c2458d8801c8426a00d29722f193cb4f620?s=96&d=mm&r=g","contentUrl":"https:\/\/secure.gravatar.com\/avatar\/3aefba54fe26fdeacb044fc37e5b0c2458d8801c8426a00d29722f193cb4f620?s=96&d=mm&r=g","caption":"webmaster"},"url":"https:\/\/www.hotelborjdhiafa.com\/fr\/author\/webmaster\/"}]}},"menu_order":0,"_links":{"self":[{"href":"https:\/\/www.hotelborjdhiafa.com\/fr\/wp-json\/wp\/v2\/posts\/4576","targetHints":{"allow":["GET"]}}],"collection":[{"href":"https:\/\/www.hotelborjdhiafa.com\/fr\/wp-json\/wp\/v2\/posts"}],"about":[{"href":"https:\/\/www.hotelborjdhiafa.com\/fr\/wp-json\/wp\/v2\/types\/post"}],"author":[{"embeddable":true,"href":"https:\/\/www.hotelborjdhiafa.com\/fr\/wp-json\/wp\/v2\/users\/3"}],"replies":[{"embeddable":true,"href":"https:\/\/www.hotelborjdhiafa.com\/fr\/wp-json\/wp\/v2\/comments?post=4576"}],"version-history":[{"count":3,"href":"https:\/\/www.hotelborjdhiafa.com\/fr\/wp-json\/wp\/v2\/posts\/4576\/revisions"}],"predecessor-version":[{"id":4580,"href":"https:\/\/www.hotelborjdhiafa.com\/fr\/wp-json\/wp\/v2\/posts\/4576\/revisions\/4580"}],"wp:featuredmedia":[{"embeddable":true,"href":"https:\/\/www.hotelborjdhiafa.com\/fr\/wp-json\/wp\/v2\/media\/4573"}],"wp:attachment":[{"href":"https:\/\/www.hotelborjdhiafa.com\/fr\/wp-json\/wp\/v2\/media?parent=4576"}],"wp:term":[{"taxonomy":"category","embeddable":true,"href":"https:\/\/www.hotelborjdhiafa.com\/fr\/wp-json\/wp\/v2\/categories?post=4576"},{"taxonomy":"post_tag","embeddable":true,"href":"https:\/\/www.hotelborjdhiafa.com\/fr\/wp-json\/wp\/v2\/tags?post=4576"}],"curies":[{"name":"wp","href":"https:\/\/api.w.org\/{rel}","templated":true}]}}